{"id":8869,"date":"2023-11-03T16:19:21","date_gmt":"2023-11-03T15:19:21","guid":{"rendered":"https:\/\/elpos.ch\/?p=8869"},"modified":"2023-11-03T16:19:43","modified_gmt":"2023-11-03T15:19:43","slug":"evaluation-et-diagnostic-du-tdah","status":"publish","type":"post","link":"https:\/\/elpos.ch\/fr\/adhs-abklaerung-und-diagnose\/","title":{"rendered":"\u00c9valuation et diagnostic du TDAH \u2013 elpost n\u00b0 81"},"content":{"rendered":"<p class=\"wp-block-paragraph\">Lisez notre dernier elpost : <\/p>\n\n\n\n<ul class=\"wp-block-list\">\n<li>Pourquoi un <strong>Le diagnostic a aussi un sens chez les adultes<\/strong> puissance<\/li>\n\n\n\n<li>Comment une m\u00e8re c\u00e9libataire a v\u00e9cu le processus d'\u00e9valuation <\/li>\n\n\n\n<li>La colonne de <strong>Papa-Blogueur<\/strong> Markus Tschannen \u201e Ne craignez pas le diagnostic de TDAH \u201c<\/li>\n\n\n\n<li>Quels tests peuvent \u00eatre effectu\u00e9s lors d'une \u00e9valuation<\/li>\n<\/ul>\n\n\n\n<p class=\"wp-block-paragraph\">\u2026 et le p\u00e9diatre sp\u00e9cialis\u00e9 dans le d\u00e9veloppement de l'h\u00f4pital p\u00e9diatrique de Zurich, Oskar Jenni, \u00e9crit : \u00ab<strong>Tous les b\u00e9b\u00e9s qui pleurent n'ont pas le TDAH<\/strong>\u00bb.<\/p>\n\n\n\n<p class=\"wp-block-paragraph\">De plus, pour des raisons de lisibilit\u00e9, nous avons l\u00e9g\u00e8rement ajust\u00e9 notre mise en page et esp\u00e9rons qu'elle vous plaira. Nous vous souhaitons une bonne lecture !  <\/p>\n\n\n\n<p class=\"wp-block-paragraph\">Vous souhaitez commander la publication elpost n\u00b0 81 \u201e \u00c9valuation et diagnostic du TDAH \u201c ? \u00c9crivez-nous \u00e0 <a href=\"mailto:info@elpos.ch\">info@elpos.ch<\/a> ou deviendrez-vous <a href=\"https:\/\/elpos.ch\/fr\/devenir-membre\/\" target=\"_blank\" rel=\"noreferrer noopener\">Membre<\/a> et re\u00e7oivent le elpost 3 fois par an par courrier. <\/p>","protected":false},"excerpt":{"rendered":"<p>Lesen Sie in unserer neusten elpost: &#8230; und der Entwicklungsp\u00e4diater vom Kispi Z\u00fcrich, Oskar Jenni, schreibt: \u00abNicht jedes Schreikind hat ADHS\u00bb. Ausserdem haben wir im Sinne der Lesbarkeit unser Layout ein wenig angepasst und hoffen es gef\u00e4llt Ihnen. Wir w\u00fcnschen Ihnen viel Spass beim Lesen! Sie m\u00f6chten die elpost Nr. 81 &#8222;ADHS-Abkl\u00e4rung und Diagnose&#8220; bestellen? [&hellip;]<\/p>\n","protected":false},"author":4,"featured_media":8870,"comment_status":"open","ping_status":"open","sticky":false,"template":"","format":"standard","meta":{"footnotes":""},"categories":[45],"tags":[],"class_list":["post-8869","post","type-post","status-publish","format-standard","has-post-thumbnail","hentry","category-adhs-magazin"],"publishpress_future_action":{"enabled":false,"date":"2026-09-08 12:05:48","action":"change-status","newStatus":"draft","terms":[],"taxonomy":"category","extraData":[]},"publishpress_future_workflow_manual_trigger":{"enabledWorkflows":[]},"_links":{"self":[{"href":"https:\/\/elpos.ch\/fr\/wp-json\/wp\/v2\/posts\/8869","targetHints":{"allow":["GET"]}}],"collection":[{"href":"https:\/\/elpos.ch\/fr\/wp-json\/wp\/v2\/posts"}],"about":[{"href":"https:\/\/elpos.ch\/fr\/wp-json\/wp\/v2\/types\/post"}],"author":[{"embeddable":true,"href":"https:\/\/elpos.ch\/fr\/wp-json\/wp\/v2\/users\/4"}],"replies":[{"embeddable":true,"href":"https:\/\/elpos.ch\/fr\/wp-json\/wp\/v2\/comments?post=8869"}],"version-history":[{"count":0,"href":"https:\/\/elpos.ch\/fr\/wp-json\/wp\/v2\/posts\/8869\/revisions"}],"wp:featuredmedia":[{"embeddable":true,"href":"https:\/\/elpos.ch\/fr\/wp-json\/wp\/v2\/media\/8870"}],"wp:attachment":[{"href":"https:\/\/elpos.ch\/fr\/wp-json\/wp\/v2\/media?parent=8869"}],"wp:term":[{"taxonomy":"category","embeddable":true,"href":"https:\/\/elpos.ch\/fr\/wp-json\/wp\/v2\/categories?post=8869"},{"taxonomy":"post_tag","embeddable":true,"href":"https:\/\/elpos.ch\/fr\/wp-json\/wp\/v2\/tags?post=8869"}],"curies":[{"name":"wp","href":"https:\/\/api.w.org\/{rel}","templated":true}]}}