{"id":464,"date":"2021-07-12T14:05:00","date_gmt":"2021-07-12T12:05:00","guid":{"rendered":"https:\/\/www.elposzuerich.juno.preview-ch-dns.net\/?p=464"},"modified":"2023-03-27T12:22:39","modified_gmt":"2023-03-27T10:22:39","slug":"vacances-detente-et-deconnexion","status":"publish","type":"post","link":"https:\/\/elpos.ch\/fr\/ferien-erholung-und-time-out\/","title":{"rendered":"Vacances, d\u00e9tente et temps mort"},"content":{"rendered":"<p class=\"wp-block-paragraph\">La 74e \u00e9dition de l\u00ab\u00bbelpost\u00ab est parue au d\u00e9but de l'\u00e9t\u00e9 2021. Elle est consacr\u00e9e au th\u00e8me \u00bbVacances, temps mort et d\u00e9tente\u00bb. Vous y trouverez notamment les articles suivants\u00a0:<\/p>\n\n\n\n<ul class=\"wp-block-list\">\n<li>Comment ma pause m'a chang\u00e9 la vie, t\u00e9moignage d'une m\u00e8re<\/li>\n\n\n\n<li>Plonger et se d\u00e9connecter pour un week-end, Rosa Bischoff<\/li>\n\n\n\n<li>Nous acceptons tout le monde tel qu'il est, interview avec le chef de d\u00e9p\u00f4t d'elpos, Simon Schneider<\/li>\n\n\n\n<li>Le courage de faire une pause, Anna Ganzoni<\/li>\n\n\n\n<li>Le temps de pause \u00e0 l'\u00e9cole, Giuseppe Palaia et Franziska Engel<\/li>\n\n\n\n<li>L'\u00e9cole autrement pour changer les repr\u00e9sentations, Barbara Kappeler<\/li>\n\n\n\n<li>Voir au-del\u00e0 de l'horizon \u2013 Se ressourcer sur des semelles de chaussures de montagne, Beatrix Schlaubitz<\/li>\n\n\n\n<li>Entre nous, Astrid W\u00e4lchli<\/li>\n\n\n\n<li>Carte Blanche avec Marco R\u00fcegg<\/li>\n<\/ul>\n\n\n\n<div style=\"height:30px\" aria-hidden=\"true\" class=\"wp-block-spacer\"><\/div>\n\n\n\n<p class=\"wp-block-paragraph\">Voulez-vous recevoir \u00abelpost\u00bb trois fois par an dans votre bo\u00eete aux lettres ? Devenez membre d\u2019elpos d\u00e8s maintenant et b\u00e9n\u00e9ficiez de conseils gratuits, d\u2019\u00e9v\u00e9nements informatifs et de lectures \u00e9clair\u00e9es sur le TDAH.<\/p>","protected":false},"excerpt":{"rendered":"<p>La 74e \u00e9dition d\u00ab\u00bb elpost \u00ab est parue au d\u00e9but de l'\u00e9t\u00e9 2021. Elle est consacr\u00e9e au th\u00e8me \u00bb Vacances, time-out et d\u00e9tente \u00ab. Vous y trouverez entre autres les articles suivants : Souhaitez-vous recevoir \u00bb elpost \u00bb trois fois par an dans votre bo\u00eete aux lettres ? Devenez membre d'elpos d\u00e8s maintenant et profitez de conseils gratuits, d'\u00e9v\u00e9nements informatifs et de lectures approfondies sur le TDAH.<\/p>","protected":false},"author":1,"featured_media":3184,"comment_status":"open","ping_status":"open","sticky":false,"template":"","format":"standard","meta":{"footnotes":""},"categories":[45],"tags":[],"class_list":["post-464","post","type-post","status-publish","format-standard","has-post-thumbnail","hentry","category-adhs-magazin"],"publishpress_future_action":{"enabled":false,"date":"2026-09-08 09:57:03","action":"change-status","newStatus":"draft","terms":[],"taxonomy":"category","extraData":[]},"publishpress_future_workflow_manual_trigger":{"enabledWorkflows":[]},"_links":{"self":[{"href":"https:\/\/elpos.ch\/fr\/wp-json\/wp\/v2\/posts\/464","targetHints":{"allow":["GET"]}}],"collection":[{"href":"https:\/\/elpos.ch\/fr\/wp-json\/wp\/v2\/posts"}],"about":[{"href":"https:\/\/elpos.ch\/fr\/wp-json\/wp\/v2\/types\/post"}],"author":[{"embeddable":true,"href":"https:\/\/elpos.ch\/fr\/wp-json\/wp\/v2\/users\/1"}],"replies":[{"embeddable":true,"href":"https:\/\/elpos.ch\/fr\/wp-json\/wp\/v2\/comments?post=464"}],"version-history":[{"count":0,"href":"https:\/\/elpos.ch\/fr\/wp-json\/wp\/v2\/posts\/464\/revisions"}],"wp:featuredmedia":[{"embeddable":true,"href":"https:\/\/elpos.ch\/fr\/wp-json\/wp\/v2\/media\/3184"}],"wp:attachment":[{"href":"https:\/\/elpos.ch\/fr\/wp-json\/wp\/v2\/media?parent=464"}],"wp:term":[{"taxonomy":"category","embeddable":true,"href":"https:\/\/elpos.ch\/fr\/wp-json\/wp\/v2\/categories?post=464"},{"taxonomy":"post_tag","embeddable":true,"href":"https:\/\/elpos.ch\/fr\/wp-json\/wp\/v2\/tags?post=464"}],"curies":[{"name":"wp","href":"https:\/\/api.w.org\/{rel}","templated":true}]}}