{"id":20489,"date":"2026-06-11T15:33:18","date_gmt":"2026-06-11T13:33:18","guid":{"rendered":"https:\/\/elpos.ch\/?p=20489"},"modified":"2026-06-16T08:44:38","modified_gmt":"2026-06-16T06:44:38","slug":"information-et-participation","status":"publish","type":"post","link":"https:\/\/elpos.ch\/fr\/information-und-mitwirkung\/","title":{"rendered":"Information et participation"},"content":{"rendered":"<p class=\"wp-block-paragraph\"><em>Ensemble vers l'avant. L'assembl\u00e9e g\u00e9n\u00e9rale des membres de cette ann\u00e9e l'a confirm\u00e9 : nous sommes sur la bonne voie \u2013 et les \u00e9changes restent notre bien le plus pr\u00e9cieux.<\/em><\/p>\n\n\n\n<p class=\"wp-block-paragraph\">Apr\u00e8s les votes sur le rapport annuel, les comptes, le budget et la modification des statuts, nous nous sommes projet\u00e9s vers l'avenir. Le programme d'activit\u00e9s 2026 a beaucoup \u00e0 offrir : un nouveau site web, des processus de groupes de discussion remani\u00e9s \u2013 et comme jalon le plus important, l'expansion en Suisse romande \u00e0 partir de l'automne 2026.<\/p>\n\n\n\n<p class=\"wp-block-paragraph\"><em>Session de questions-r\u00e9ponses interactive : Proche de nos membres<\/em><\/p>\n\n\n\n<p class=\"wp-block-paragraph\">Soutien, expertise, conseil et orientation, voil\u00e0 ce que nos membres associent spontan\u00e9ment \u00e0 l'organisation TDAH elpos Suisse. Lors de la session de questions interactives, nous avons pos\u00e9 dix questions : sur notre travail, sur le TDAH en g\u00e9n\u00e9ral et sur la situation personnelle des participants. Les r\u00e9ponses ont \u00e9t\u00e9 honn\u00eates, vari\u00e9es et pr\u00e9cieuses. Il est apparu clairement que l'\u00e9change et le r\u00e9seautage entre membres sont importants pour eux. Il est bon de constater que notre mission \u2013 \u00eatre l\u00e0 pour les personnes atteintes de TDAH et leur donner des rep\u00e8res \u2013 trouve un \u00e9cho l\u00e0 o\u00f9 elle offre une aide concr\u00e8te et individuelle.<\/p>\n\n\n\n<p class=\"wp-block-paragraph\"><em>Dans quelles circonstances recommanderiez-vous l'offre de la clinique elpos Suisse pour le TDAH et pourquoi ?<\/em><\/p>\n\n\n\n<p class=\"wp-block-paragraph\">Une question, de nombreuses r\u00e9ponses \u2013 et toutes pertinentes. Certains appr\u00e9cient les apports professionnels lors de nos webinaires, d'autres soulignent le conseil personnalis\u00e9, tandis que d'autres encore souhaiteraient que les enseignants utilisent davantage nos offres. Il a \u00e9t\u00e9 constamment soulign\u00e9 : chez elpos Suisse pour l'organisation du TDAH, on obtient une premi\u00e8re orientation rapidement, gratuitement et sans complication. C'est pr\u00e9cis\u00e9ment notre objectif. Notre magazine sur le TDAH est \u00e9galement bien re\u00e7u \u2013 il est lu r\u00e9guli\u00e8rement selon l'enqu\u00eate. Les groupes de discussion et les webinaires sont largement utilis\u00e9s et appr\u00e9ci\u00e9s, ce dont nous nous r\u00e9jouissons.<\/p>\n\n\n\n<p class=\"wp-block-paragraph\">Dans le m\u00eame temps, un aper\u00e7u de la vie quotidienne de nos membres nous montre l'ampleur des difficult\u00e9s persistantes : beaucoup se sentent \u00e9puis\u00e9s et le contr\u00f4le des \u00e9motions et des impulsions reste un d\u00e9fi majeur pour eux-m\u00eames ou pour leur famille. Cela nous motive \u00e0 rendre notre offre encore plus cibl\u00e9e.<\/p>\n\n\n\n<p class=\"wp-block-paragraph\">Lisez dans le rapport annuel ce qui nous a motiv\u00e9s en 2025 : <a href=\"https:\/\/elpos.ch\/fr\/a-propos-du-club\/\">www.elpos.ch\/a-propos-de-l-association<\/a><\/p>\n\n\n\n<p class=\"wp-block-paragraph\">Hier finden Sie das <a href=\"https:\/\/elpos.ch\/wp-content\/uploads\/Protokoll_MV_2026.pdf\">Protocole<\/a>. <\/p>\n\n\n\n<p class=\"wp-block-paragraph\">Vous n'\u00eates pas encore membre ? D\u00e9couvrez toutes nos adh\u00e9sions : <a href=\"https:\/\/elpos.ch\/fr\/devenir-membre\/\">www.elpos.ch\/devenir-membre<\/a><\/p>","protected":false},"excerpt":{"rendered":"<p>Gemeinsam vorw\u00e4rts. Die diesj\u00e4hrige Mitgliederversammlung hat es best\u00e4tigt: Wir sind auf dem richtigen Weg \u2013 und der Austausch bleibt unser wichtigstes Gut. Nach den Abstimmungen zu Jahresbericht, -rechnung, Budget und Statuten\u00e4nderungen blickten wir gemeinsam nach vorne. Das T\u00e4tigkeitsprogramm 2026 hat einiges zu bieten: eine neue Webseite, \u00fcberarbeitete Gespr\u00e4chsgruppen-Prozesse \u2013 und als gr\u00f6sster Meilenstein die Expansion [&hellip;]<\/p>\n","protected":false},"author":4,"featured_media":20492,"comment_status":"open","ping_status":"open","sticky":false,"template":"","format":"standard","meta":{"footnotes":""},"categories":[47],"tags":[],"class_list":["post-20489","post","type-post","status-publish","format-standard","has-post-thumbnail","hentry","category-neuigkeiten"],"publishpress_future_action":{"enabled":false,"date":"2026-09-08 07:59:21","action":"change-status","newStatus":"draft","terms":[],"taxonomy":"category","extraData":[]},"publishpress_future_workflow_manual_trigger":{"enabledWorkflows":[]},"_links":{"self":[{"href":"https:\/\/elpos.ch\/fr\/wp-json\/wp\/v2\/posts\/20489","targetHints":{"allow":["GET"]}}],"collection":[{"href":"https:\/\/elpos.ch\/fr\/wp-json\/wp\/v2\/posts"}],"about":[{"href":"https:\/\/elpos.ch\/fr\/wp-json\/wp\/v2\/types\/post"}],"author":[{"embeddable":true,"href":"https:\/\/elpos.ch\/fr\/wp-json\/wp\/v2\/users\/4"}],"replies":[{"embeddable":true,"href":"https:\/\/elpos.ch\/fr\/wp-json\/wp\/v2\/comments?post=20489"}],"version-history":[{"count":6,"href":"https:\/\/elpos.ch\/fr\/wp-json\/wp\/v2\/posts\/20489\/revisions"}],"predecessor-version":[{"id":20512,"href":"https:\/\/elpos.ch\/fr\/wp-json\/wp\/v2\/posts\/20489\/revisions\/20512"}],"wp:featuredmedia":[{"embeddable":true,"href":"https:\/\/elpos.ch\/fr\/wp-json\/wp\/v2\/media\/20492"}],"wp:attachment":[{"href":"https:\/\/elpos.ch\/fr\/wp-json\/wp\/v2\/media?parent=20489"}],"wp:term":[{"taxonomy":"category","embeddable":true,"href":"https:\/\/elpos.ch\/fr\/wp-json\/wp\/v2\/categories?post=20489"},{"taxonomy":"post_tag","embeddable":true,"href":"https:\/\/elpos.ch\/fr\/wp-json\/wp\/v2\/tags?post=20489"}],"curies":[{"name":"wp","href":"https:\/\/api.w.org\/{rel}","templated":true}]}}