{"id":19737,"date":"2026-05-11T09:00:00","date_gmt":"2026-05-11T07:00:00","guid":{"rendered":"https:\/\/elpos.ch\/?p=19737"},"modified":"2026-05-19T12:57:27","modified_gmt":"2026-05-19T10:57:27","slug":"quand-les-jeunes-atteints-de-tdah-sont-ecoutes","status":"publish","type":"post","link":"https:\/\/elpos.ch\/fr\/wenn-junge-menschen-mit-adhs-gehoert-werden\/","title":{"rendered":"Quand les jeunes TDAH sont entendus"},"content":{"rendered":"<p class=\"wp-block-paragraph\"><em>La premi\u00e8re conf\u00e9rence nationale sur le TDAH au Palais f\u00e9d\u00e9ral a suscit\u00e9 l'enthousiasme, l'\u00e9motion et la motivation. Plus de 40 jeunes personnes atteintes de TDAH se sont r\u00e9unies pour discuter des d\u00e9fis rencontr\u00e9s dans la vie quotidienne, \u00e0 l'\u00e9cole ou dans la soci\u00e9t\u00e9.<\/em><\/p>\n\n\n\n<p class=\"wp-block-paragraph\">29 avril 2026<\/p>\n\n\n\n<p class=\"wp-block-paragraph\">L'ambiance est d\u00e9tendue d\u00e8s le d\u00e9but. On sent l'excitation et l'impatience des adolescents et jeunes adultes. Apr\u00e8s les br\u00e8ves salutations de l'initiateur Luis Casado et du conseiller national Simon Stadler, on se lance \u2013 se lever, former des groupes et discuter ensemble des premi\u00e8res questions. \u00ab Quand ai-je eu une exp\u00e9rience \u00e0 l'\u00e9cole o\u00f9 je me suis senti vraiment compris ? \u00bb On entend des bribes de conversation\u2026 un jeune dit : \u00ab En fait, personne ne m'a jamais vraiment compris \u00e0 l'\u00e9cole. \u00bb Il est maintenant en 8e ann\u00e9e. Dans la prochaine t\u00e2che, les groupes doivent d\u00e9gager des th\u00e8mes qui m\u00e9riteraient une discussion plus approfondie. Il devient vite clair : le d\u00e9sir de plus d'information est immense. Information des jeunes eux-m\u00eames atteints de TDAH \u2013 il s'agit de m\u00e9dication mais aussi d'autres possibilit\u00e9s th\u00e9rapeutiques. Information aussi dans la soci\u00e9t\u00e9 et \u00e0 l'\u00e9cole \u2013 pas seulement aupr\u00e8s des enseignants, mais aussi aupr\u00e8s des autres \u00e9l\u00e8ves. Chacun dans la salle conna\u00eet ce sentiment d'\u00eatre ridiculis\u00e9 parce qu'on ne comprend pas quelque chose ou qu'on a encore oubli\u00e9 son sac de gym (m\u00eame si \u00e9videmment on aimerait bien participer au cours)\u2026 \u00ab Je me revois directement revenu en enfance \u00bb, dit Simon Stadler. \u00ab Les probl\u00e8mes des jeunes sont toujours les m\u00eames. Beaucoup de choses ont \u00e9volu\u00e9, je le vois, et pourtant ses d\u00e9fis personnels me sont tr\u00e8s familiers. \u00bb<\/p>\n\n\n\n<p class=\"wp-block-paragraph\">Recherche intensive de solutions<\/p>\n\n\n\n<p class=\"wp-block-paragraph\">Les th\u00e8mes collect\u00e9s sont regroup\u00e9s et des solutions possibles sont \u00e9labor\u00e9es et pr\u00e9sent\u00e9es en groupes. La gamme de suggestions de solutions est immense : il existe des propositions concr\u00e8tes pour l'emploi du temps ou pour un livre pour enfants qui explique le TDAH \u00e0 tous \u2013 d\u00e9j\u00e0 \u00e0 la maternelle. Les organisations TDAH pr\u00e9sentes ont \u00e9galement eu la parole : Susanne Spalinger de l'organisation TDAH elpos Suisse s'est adress\u00e9e aux participants : \u00ab Je trouve \u00e7a incroyablement formidable ce qu'une seule voix peut accomplir. \u00bb Une seule voix qui rassemble autant de voix. L'adolescente de 13 ans Iva d\u00e9clare : \u00ab C'\u00e9tait formidable que je n'aie pas eu \u00e0 m'expliquer, je me suis sentie imm\u00e9diatement connect\u00e9e aux autres. \u00bb Chaya (17 ans) ajoute : \u00ab Je ne peux qu'\u00eatre d'accord. Je me sens moins seule maintenant. Tout le monde ici a un TDAH, juste un peu diff\u00e9rent. Mais les d\u00e9fis sont les m\u00eames. \u00bb Ash (17 ans) compl\u00e8te : \u00ab C'est vrai, il y en a tellement ici qui comprennent ce qui m'arrive. Dans le positif et dans le n\u00e9gatif. Cela cr\u00e9e des liens. \u00bb \u00ab Personnellement, mon sentiment \u00e0 l'\u00e9gard de mon TDAH s'est \u00e9galement am\u00e9lior\u00e9 \u00bb, ajoute Lea.<\/p>\n\n\n\n<p class=\"wp-block-paragraph\">Cl\u00f4ture \u00e9motionnelle<\/p>\n\n\n\n<p class=\"wp-block-paragraph\">Et oui, il y avait aussi une \u00e9quipe de tournage sur place. Avec les nombreuses voix fortes dans la salle, cela est effectivement devenu une affaire secondaire. L'actrice Fabienne Hadorn joue dans le film documentaire \u00ab Gib dir doch einfach etwas mehr M\u00fche \u00bb de Juri Steinhart, en coproduction avec la SRF, la \u00ab Lobby Woman \u00bb pour les enfants atteints de TDAH. Dans le film, elle s'adresse aux responsables (notamment dans le syst\u00e8me \u00e9ducatif) en tant qu'avocate des enfants et d\u00e9fend leurs pr\u00e9occupations et leurs d\u00e9fis. Elle prend la parole lors des votes finaux : \u00ab Je veux juste dire merci ! Je suis extr\u00eamement touch\u00e9e par ce qui s'est pass\u00e9 aujourd'hui. J'ai re\u00e7u mon diagnostic si tard et j'ai eu tellement de combats\u2026 \u00bb elle s'arr\u00eate, d\u00e9glutit deux fois \u00e0 vide et dit : \u00ab Maintenant, je dois un peu ravaler mes \u00e9motions\u2026 mais une chose encore : merci de vous engager autant pour ce sujet. Nous ferons de notre mieux pour continuer \u00e0 sensibiliser \u00e0 ce sujet. \u00bb Applaudissements chaleureux des participants. Le mot de la fin appartient, tout comme l'accueil, \u00e0 Luis Casado et Simon Stadler. \u00ab Je suis \u00e9mu ! Bien s\u00fbr, je savais que nous avions r\u00e9uni ici les meilleures personnes. \u00bb rit Stadler, \u00ab Et pourtant, j'ai \u00e9t\u00e9 bluff\u00e9 par vous. Rien que la fa\u00e7on dont vous avez pr\u00e9sent\u00e9 vos pr\u00e9occupations \u2013 certains parlementaires pourraient en tirer une le\u00e7on ! \u00bb Son appel aux participants : \u00ab Vous \u00eates des ambassadeurs pour le sujet. Tenez bon et battez-vous pour vos pr\u00e9occupations. \u00c7a en vaut la peine ! \u00bb Ensuite, la question \u00e0 Luis : Comment te sens-tu maintenant ? \u00ab Je suis incroyablement fier. Que tant de personnes soient venues et aient travaill\u00e9 avec autant d'engagement, qu'elles aient \u00e9chang\u00e9 si intens\u00e9ment, c'est formidable. \u00bb<\/p>\n\n\n\n<p class=\"wp-block-paragraph\">Et ensuite ?<\/p>\n\n\n\n<p class=\"wp-block-paragraph\">\u00abNous sommes le premier pas vers un grand changement. Nous resterons sur la balle et formulerons le document de revendications \u00bb, dit Luis. \u00ab Je suis s\u00fbr que quelque chose de merveilleux en sortira, car j'ai senti que nous \u00e9tions pris au s\u00e9rieux ici et que toutes les organisations \u00e9taient pr\u00eates \u00e0 travailler ensemble sur des solutions \u00bb. Et du c\u00f4t\u00e9 de la politique ? \u00ab Nous avons d\u00e9j\u00e0 pr\u00e9vu une initiative sur la compensation des d\u00e9savantages \u2013 il semble y avoir de grandes diff\u00e9rences, notamment entre les hautes \u00e9coles et les universit\u00e9s. Une participante a dit que cela lui avait co\u00fbt\u00e9 un an ! Nous voulons changer cela \u00bb, explique Stadler. Et peut-\u00eatre qu'une ou plusieurs autres conf\u00e9rences de ce type seraient \u00e9galement une id\u00e9e. \u00ab Je n'ai jamais vu les personnes concern\u00e9es \u00eatre autant \u00e9cout\u00e9es et je suis tout \u00e0 fait dispos\u00e9 \u00e0 ce que cela continue ici. Que les personnes concern\u00e9es aient encore un tel espace d'\u00e9change dans 10 ans \u00bb.<\/p>\n\n\n\n<p class=\"wp-block-paragraph\">Et la conclusion des participants ?<\/p>\n\n\n\n<p class=\"wp-block-paragraph\">\u00abC'\u00e9tait tellement mieux que ce que j'avais imagin\u00e9. Je pensais que je devrais juste \u00e9couter ici. Mais nous avons pu dire tellement de choses et on nous a \u00e9cout\u00e9s ! \u00bb, se r\u00e9jouit Chaya. Lea ajoute : \u00ab C'\u00e9tait un endroit s\u00fbr pour discuter du TDAH. Les conversations avec les autres \u00e9taient excellentes, j'ai d\u00e9couvert tellement de points communs. \u00bb Et s'il y avait effectivement une autre conf\u00e9rence de ce type ? \u00ab Nous serons l\u00e0 ! \u00bb<\/p>\n\n\n\n<p class=\"wp-block-paragraph\"><strong>Voici des reportages m\u00e9diatiques \u00e0 lire et \u00e0 \u00e9couter : <\/strong><\/p>\n\n\n\n<ul class=\"wp-block-list\">\n<li>Tamedia : <a href=\"https:\/\/www.derbund.ch\/adhs-konferenz-im-bundeshaus-luis-casado-kaempft-gegen-stigmas-516981934708\" target=\"_blank\" rel=\"noopener\">\u201eQui veut \u00eatre normal ?\u201c<\/a> (en abonnement, vous trouverez des interviews vid\u00e9o et des reportages <a href=\"https:\/\/elpos.ch\/fr\/voir-ecouter-lire\/\">hier<\/a>)<\/li>\n\n\n\n<li>St. Galler Tagblatt : <a href=\"https:\/\/www.tagblatt.ch\/ostschweiz\/stgallen\/adhs-luis-casado-bringt-anliegen-ins-bundeshaus-ld.4143078\" target=\"_blank\" rel=\"noopener\">ADHS : Luis Casado apporte des pr\u00e9occupations au Palais f\u00e9d\u00e9ral<\/a><\/li>\n\n\n\n<li>SRF1, Luis Casado comme invit\u00e9 du matin : <a href=\"https:\/\/www.srf.ch\/audio\/morgengast\/luis-casado-initiant-der-nationalen-konferenz-zu-adhs?id=AUDI20260429_RS_0003\" target=\"_blank\" rel=\"noopener\">Luis Casado, initiateur de la conf\u00e9rence nationale sur le TDAH \u2013 Audio et podcasts \u2013 SRF<\/a><\/li>\n\n\n\n<li>\u201e Ensemble visibles \u201c<a href=\"https:\/\/elpos.ch\/fr\/temoignages\/on-parle-beaucoup-des-personnes-atteintes-de-tdah-mais-pas-avec-elles\/\"> Portrait de Luis Casado<\/a><\/li>\n\n\n\n<li>Article de RadioX : <a href=\"https:\/\/radiox.ch\/news-archiv\/adhs-beduerfnisse-kommen-ins-bundeshaus.html\" target=\"_blank\" rel=\"noopener\">X-Info<\/a><\/li>\n\n\n\n<li>Officiel <a href=\"https:\/\/elpos.ch\/wp-content\/uploads\/de-ADHS-Konferenz-Bundeshaus-zum-Bearbeiten_Rueckblick.pdf\">Communiqu\u00e9 de presse<\/a> des organisations<\/li>\n\n\n\n<li>Vous trouverez un r\u00e9sum\u00e9, y compris les impressions recueillies, sur nos r\u00e9seaux sociaux (<a href=\"https:\/\/www.instagram.com\/adhs_organisation_elpos\/\" target=\"_blank\" rel=\"noopener\">Instagram<\/a>, <a href=\"https:\/\/www.linkedin.com\/company\/adhs-organisation-elpos-schweiz\/?viewAsMember=true\" target=\"_blank\" rel=\"noopener\">LinkedIn<\/a> et <a href=\"https:\/\/www.facebook.com\/profile.php?id=100087278629841\" target=\"_blank\" rel=\"noopener\">Facebook<\/a>) <\/li>\n<\/ul>\n\n\n\n<p class=\"wp-block-paragraph\">La conf\u00e9rence a \u00e9t\u00e9 organis\u00e9e conjointement par l'organisation ADHD elpos Suisse, <a href=\"https:\/\/adhs20plus.ch\/\" target=\"_blank\" rel=\"noreferrer noopener\">adhs20plus Suisse<\/a>, <a href=\"https:\/\/www.sfg-adhs.ch\/\" target=\"_blank\" rel=\"noopener\">Soci\u00e9t\u00e9 Suisse Sp\u00e9cialis\u00e9e TDAH<\/a> et <a href=\"https:\/\/www.projuventute.ch\/de\/stiftung\/aktuelles\/medienmitteilungen\/adhs-konferenz-bundeshaus\" target=\"_blank\" rel=\"noopener\">Pro Juventute<\/a>, initi\u00e9 par Luis Casado via la plateforme <a href=\"http:\/\/www.engage.ch\" target=\"_blank\" rel=\"noopener\">engage.ch<\/a>. De plus <a href=\"https:\/\/elpos.ch\/fr\/des-jeunes-atteints-de-tdah-au-palais-federal\/\">Informations sur la conf\u00e9rence<\/a><\/p>","protected":false},"excerpt":{"rendered":"<p>Die erste nationale ADHS-Konferenz im Bundeshaus hat begeistert, ber\u00fchrt und motiviert. \u00dcber 40 junge Menschen mit ADHS sind zusammengekommen und haben \u00fcber Herausforderungen im Alltag, in der Schule oder in der Gesellschaft diskutiert. 29. April 2026 Die Stimmung ist von Anfang an locker. Man sp\u00fcrt die Aufregung und wie es den Jugendlichen und jungen Erwachsenen [&hellip;]<\/p>\n","protected":false},"author":4,"featured_media":19746,"comment_status":"open","ping_status":"open","sticky":false,"template":"","format":"standard","meta":{"footnotes":""},"categories":[47],"tags":[],"class_list":["post-19737","post","type-post","status-publish","format-standard","has-post-thumbnail","hentry","category-neuigkeiten"],"publishpress_future_action":{"enabled":false,"date":"2026-09-08 08:33:14","action":"change-status","newStatus":"draft","terms":[],"taxonomy":"category","extraData":[]},"publishpress_future_workflow_manual_trigger":{"enabledWorkflows":[]},"_links":{"self":[{"href":"https:\/\/elpos.ch\/fr\/wp-json\/wp\/v2\/posts\/19737","targetHints":{"allow":["GET"]}}],"collection":[{"href":"https:\/\/elpos.ch\/fr\/wp-json\/wp\/v2\/posts"}],"about":[{"href":"https:\/\/elpos.ch\/fr\/wp-json\/wp\/v2\/types\/post"}],"author":[{"embeddable":true,"href":"https:\/\/elpos.ch\/fr\/wp-json\/wp\/v2\/users\/4"}],"replies":[{"embeddable":true,"href":"https:\/\/elpos.ch\/fr\/wp-json\/wp\/v2\/comments?post=19737"}],"version-history":[{"count":4,"href":"https:\/\/elpos.ch\/fr\/wp-json\/wp\/v2\/posts\/19737\/revisions"}],"predecessor-version":[{"id":20422,"href":"https:\/\/elpos.ch\/fr\/wp-json\/wp\/v2\/posts\/19737\/revisions\/20422"}],"wp:featuredmedia":[{"embeddable":true,"href":"https:\/\/elpos.ch\/fr\/wp-json\/wp\/v2\/media\/19746"}],"wp:attachment":[{"href":"https:\/\/elpos.ch\/fr\/wp-json\/wp\/v2\/media?parent=19737"}],"wp:term":[{"taxonomy":"category","embeddable":true,"href":"https:\/\/elpos.ch\/fr\/wp-json\/wp\/v2\/categories?post=19737"},{"taxonomy":"post_tag","embeddable":true,"href":"https:\/\/elpos.ch\/fr\/wp-json\/wp\/v2\/tags?post=19737"}],"curies":[{"name":"wp","href":"https:\/\/api.w.org\/{rel}","templated":true}]}}