{"id":16788,"date":"2026-03-24T12:25:21","date_gmt":"2026-03-24T11:25:21","guid":{"rendered":"https:\/\/elpos.ch\/?p=16788"},"modified":"2026-07-13T17:29:05","modified_gmt":"2026-07-13T15:29:05","slug":"recherche-membre-du-directoire-finances-et-conformite","status":"publish","type":"post","link":"https:\/\/elpos.ch\/fr\/vorstandsmitglied-finanzen-compliance-gesucht\/","title":{"rendered":"Recherchons un membre du comit\u00e9, b\u00e9n\u00e9vole en Finances"},"content":{"rendered":"<p>\n\n\n<h5 class=\"wp-block-heading\">T\u00e2ches :<\/h5>\n\n\n\n<p class=\"wp-block-paragraph\">Vous \u00eates responsable de la planification strat\u00e9gique et de la supervision du cadre financier de notre organisation, ce qui comprend :<\/p>\n\n\n\n<ul class=\"wp-block-list\">\n<li>Accompagner la planification strat\u00e9gique pluriannuelle et la planification de sc\u00e9narios ; identifier les marges de man\u0153uvre financi\u00e8res<\/li>\n\n\n\n<li>\u00c9tats financiers selon Swiss GAAP FER ; Interface avec le r\u00e9viseur d'entreprise de longue date<\/li>\n\n\n\n<li>Accompagner et co-piloter la strat\u00e9gie de lev\u00e9e de fonds d'un point de vue financier<\/li>\n\n\n\n<li>Garder \u00e0 l'esprit les exigences l\u00e9gales et r\u00e9glementaires en mati\u00e8re de subventions pour le reporting AVS\/AI<\/li>\n\n\n\n<li>Conseiller le conseil d'administration en mati\u00e8re financi\u00e8re et servir de lien avec la direction.<\/li>\n<\/ul>\n\n\n\n<h5 class=\"wp-block-heading\">Ce que vous apportez :<\/h5>\n\n\n\n<ul class=\"wp-block-list\">\n<li>Exp\u00e9rience en gestion des affaires, \u00e9conomie, audit ou domaine similaire<\/li>\n\n\n\n<li>Compr\u00e9hension de la gouvernance des organisations \u00e0 but non lucratif et du droit des associations<\/li>\n\n\n\n<li>Pens\u00e9e strat\u00e9gique, int\u00e9grit\u00e9, orientation client et respect de l'autonomie op\u00e9rationnelle de la direction.<\/li>\n\n\n\n<li>Connaissances en mati\u00e8re de reporting BSV\/AI ou volont\u00e9 de les acqu\u00e9rir \u2013 un atout clair<\/li>\n\n\n\n<li>Plaisir de la collaboration coll\u00e9giale et flexibilit\u00e9 pour s'impliquer pragmatiquement dans un environnement b\u00e9n\u00e9vole<\/li>\n<\/ul>\n\n\n\n<h5 class=\"wp-block-heading\">Ce que nous offrons :<\/h5>\n\n\n\n<ul class=\"wp-block-list\">\n<li>Une activit\u00e9 porteuse de sens et pertinente sur le plan soci\u00e9tal au sein de l'organisation leader dans le domaine du TDAH en Suisse<\/li>\n\n\n\n<li>Gouvernance en construction : Apr\u00e8s une fusion, nous fa\u00e7onnons activement les structures et les processus \u2013 transparence gr\u00e2ce \u00e0 des documents sur Microsoft TEAMS et une \u00e9quipe d'audit bien rod\u00e9e<\/li>\n\n\n\n<li>Cadre temporel : environ 100 heures\/an (environ 8-9 heures\/mois), 10 r\u00e9unions du conseil d'administration, 4 journ\u00e9es strat\u00e9giques<\/li>\n\n\n\n<li>B\u00e9n\u00e9volat ; Remboursement des frais<\/li>\n<\/ul>\n\n\n\n<h5 class=\"wp-block-heading\">Int\u00e9ress\u00e9 ?<\/h5>\n\n\n\n<p class=\"wp-block-paragraph\">Nous attendons avec impatience votre court message expliquant vos motivations et votre CV \u00e0 : Christiane Hyvert, D\u00e9partement Personnes &amp; Travail,\u00a0<a href=\"mailto:christiane.hyvert@elpos.ch\">christiane.hyvert@elpos.ch<\/a>.<\/p>\n\n\n\n<p class=\"wp-block-paragraph\">Une consultation initiale sans engagement permet aux deux parties de v\u00e9rifier si la collaboration est appropri\u00e9e.<\/p>\n\n\n<\/p>\n<p>\n\n<\/p>\n<p>\n\n<\/p>\n<p>\n\n<\/p>\n<p>\n\n<\/p>\n<p>\n\n<\/p>\n<p>\n\n<\/p>\n<p>\n\n<\/p>\n<p>\n\n<\/p>\n<p>\n\n<\/p>\n<p>\n\n<\/p>\n<p>\n\n<\/p>\n<p>\n\n<\/p>\n<p>\n\n<\/p>\n<p>\n\n<\/p>","protected":false},"excerpt":{"rendered":"<p>Nous recherchons une personne qui souhaite transmettre son expertise et son exp\u00e9rience de mani\u00e8re significative pour soutenir les personnes atteintes de TDAH.<\/p>","protected":false},"author":4,"featured_media":20361,"comment_status":"open","ping_status":"open","sticky":false,"template":"","format":"standard","meta":{"footnotes":""},"categories":[47],"tags":[],"class_list":["post-16788","post","type-post","status-publish","format-standard","has-post-thumbnail","hentry","category-neuigkeiten"],"publishpress_future_action":{"enabled":false,"date":"2026-09-08 08:33:35","action":"change-status","newStatus":"draft","terms":[],"taxonomy":"category","extraData":[]},"publishpress_future_workflow_manual_trigger":{"enabledWorkflows":[]},"_links":{"self":[{"href":"https:\/\/elpos.ch\/fr\/wp-json\/wp\/v2\/posts\/16788","targetHints":{"allow":["GET"]}}],"collection":[{"href":"https:\/\/elpos.ch\/fr\/wp-json\/wp\/v2\/posts"}],"about":[{"href":"https:\/\/elpos.ch\/fr\/wp-json\/wp\/v2\/types\/post"}],"author":[{"embeddable":true,"href":"https:\/\/elpos.ch\/fr\/wp-json\/wp\/v2\/users\/4"}],"replies":[{"embeddable":true,"href":"https:\/\/elpos.ch\/fr\/wp-json\/wp\/v2\/comments?post=16788"}],"version-history":[{"count":5,"href":"https:\/\/elpos.ch\/fr\/wp-json\/wp\/v2\/posts\/16788\/revisions"}],"predecessor-version":[{"id":22306,"href":"https:\/\/elpos.ch\/fr\/wp-json\/wp\/v2\/posts\/16788\/revisions\/22306"}],"wp:featuredmedia":[{"embeddable":true,"href":"https:\/\/elpos.ch\/fr\/wp-json\/wp\/v2\/media\/20361"}],"wp:attachment":[{"href":"https:\/\/elpos.ch\/fr\/wp-json\/wp\/v2\/media?parent=16788"}],"wp:term":[{"taxonomy":"category","embeddable":true,"href":"https:\/\/elpos.ch\/fr\/wp-json\/wp\/v2\/categories?post=16788"},{"taxonomy":"post_tag","embeddable":true,"href":"https:\/\/elpos.ch\/fr\/wp-json\/wp\/v2\/tags?post=16788"}],"curies":[{"name":"wp","href":"https:\/\/api.w.org\/{rel}","templated":true}]}}