{"id":16419,"date":"2026-03-17T16:49:23","date_gmt":"2026-03-17T15:49:23","guid":{"rendered":"https:\/\/elpos.ch\/?p=16419"},"modified":"2026-03-17T16:54:34","modified_gmt":"2026-03-17T15:54:34","slug":"entre-etiquette-et-vie","status":"publish","type":"post","link":"https:\/\/elpos.ch\/fr\/zwischen-label-und-leben\/","title":{"rendered":"Entre \u00e9tiquette et vie"},"content":{"rendered":"<p class=\"wp-block-paragraph\">Quiconque recherche le terme \u201e TDAH \u201c sur les r\u00e9seaux sociaux tombe rapidement sur d'innombrables publications o\u00f9 le diagnostic est c\u00e9l\u00e9br\u00e9 comme une \u201e superpuissance \u201c. Mais qu'y a-t-il vraiment derri\u00e8re ? Et \u00e0 quoi ressemble r\u00e9ellement le quotidien des personnes atteintes de TDAH ?<\/p>\n\n\n\n<p class=\"wp-block-paragraph\">Le TDAH est-il une force particuli\u00e8re ou plut\u00f4t un handicap ? Nous explorons cette question dans le dernier num\u00e9ro du magazine TDAH \u201e Entre \u00e9tiquette et vie \u201c (n\u00b0 87) \u2013 par exemple, lors d'entretiens avec diverses personnes sp\u00e9cialis\u00e9es, telles que le Dr Thomas M\u00fcller, la m\u00e8re Maria Harksen, le sociologue Dominik Robin, le directeur d'\u00e9cole Nils Landolt et le musicien Jan SEVEN Dettwyler.<\/p>\n\n\n\n<p class=\"wp-block-paragraph\">Le cahier est compl\u00e9t\u00e9 par un article critique du Dr. Martin Winkler ainsi qu'une \u00e9valuation du point de vue de l'IV par Thomas Pfiffner.<\/p>\n\n\n\n<p class=\"wp-block-paragraph\">Commandez votre magazine d\u00e8s maintenant sur <a href=\"https:\/\/elpos.ch\/fr\/magazine-tdah\/\" target=\"_blank\" rel=\"noreferrer noopener\">www.elpos.ch\/adhs-magazin<\/a><\/p>\n\n\n\n<p class=\"wp-block-paragraph\">Les membres de l'organisation TDAH elpos Suisse re\u00e7oivent le magazine directement dans leur bo\u00eete aux lettres. <\/p>","protected":false},"excerpt":{"rendered":"<p>Wer in den sozialen Medien nach \u201eADHS\u201c sucht, st\u00f6sst schnell auf unz\u00e4hlige Beitr\u00e4ge, in denen die Diagnose als \u201eSuperpower\u201c gefeiert wird. Doch was steckt wirklich dahinter? Und wie gestaltet sich der Alltag von Menschen mit ADHS tats\u00e4chlich? Ist ADHS nun eine besondere St\u00e4rke oder doch eher eine Behinderung? Dieser Frage gehen wir im neuesten ADHS-Magazin [&hellip;]<\/p>\n","protected":false},"author":4,"featured_media":16423,"comment_status":"open","ping_status":"open","sticky":false,"template":"","format":"standard","meta":{"footnotes":""},"categories":[45],"tags":[],"class_list":["post-16419","post","type-post","status-publish","format-standard","has-post-thumbnail","hentry","category-adhs-magazin"],"publishpress_future_action":{"enabled":false,"date":"2026-09-08 08:37:47","action":"change-status","newStatus":"draft","terms":[],"taxonomy":"category","extraData":[]},"publishpress_future_workflow_manual_trigger":{"enabledWorkflows":[]},"_links":{"self":[{"href":"https:\/\/elpos.ch\/fr\/wp-json\/wp\/v2\/posts\/16419","targetHints":{"allow":["GET"]}}],"collection":[{"href":"https:\/\/elpos.ch\/fr\/wp-json\/wp\/v2\/posts"}],"about":[{"href":"https:\/\/elpos.ch\/fr\/wp-json\/wp\/v2\/types\/post"}],"author":[{"embeddable":true,"href":"https:\/\/elpos.ch\/fr\/wp-json\/wp\/v2\/users\/4"}],"replies":[{"embeddable":true,"href":"https:\/\/elpos.ch\/fr\/wp-json\/wp\/v2\/comments?post=16419"}],"version-history":[{"count":0,"href":"https:\/\/elpos.ch\/fr\/wp-json\/wp\/v2\/posts\/16419\/revisions"}],"wp:featuredmedia":[{"embeddable":true,"href":"https:\/\/elpos.ch\/fr\/wp-json\/wp\/v2\/media\/16423"}],"wp:attachment":[{"href":"https:\/\/elpos.ch\/fr\/wp-json\/wp\/v2\/media?parent=16419"}],"wp:term":[{"taxonomy":"category","embeddable":true,"href":"https:\/\/elpos.ch\/fr\/wp-json\/wp\/v2\/categories?post=16419"},{"taxonomy":"post_tag","embeddable":true,"href":"https:\/\/elpos.ch\/fr\/wp-json\/wp\/v2\/tags?post=16419"}],"curies":[{"name":"wp","href":"https:\/\/api.w.org\/{rel}","templated":true}]}}