{"id":14625,"date":"2026-03-03T11:54:20","date_gmt":"2026-03-03T10:54:20","guid":{"rendered":"https:\/\/elpos.ch\/?p=14625"},"modified":"2026-04-30T11:40:44","modified_gmt":"2026-04-30T09:40:44","slug":"des-jeunes-atteints-de-tdah-au-palais-federal","status":"publish","type":"post","link":"https:\/\/elpos.ch\/fr\/jugendliche-mit-adhs-im-bundeshaus\/","title":{"rendered":"Adolescents TDAH au Palais f\u00e9d\u00e9ral"},"content":{"rendered":"<p class=\"wp-block-paragraph\"><strong>Le 29 avril 2026, une conf\u00e9rence nationale sur le TDAH aura lieu au Palais f\u00e9d\u00e9ral \u00e0 Berne. L'accent sera mis sur les exp\u00e9riences et les pr\u00e9occupations des adolescents et des jeunes adultes atteints de TDAH. <\/strong><\/p>\n\n\n\n<p class=\"wp-block-paragraph\">Les jeunes et les jeunes adultes apportent leurs sujets sur l'\u00e9cole, la formation professionnelle et les \u00e9tudes, d\u00e9finissent eux-m\u00eames les priorit\u00e9s et \u00e9changent. Environ 60 jeunes et jeunes adultes \u00e2g\u00e9s de 14 \u00e0 25 ans discutent ensemble des obstacles et des solutions possibles. La journ\u00e9e est con\u00e7ue de mani\u00e8re participative \u2013 les jeunes et les jeunes adultes doivent \u00eatre entendus comme des voix politiques et non comme des exemples de cas. <\/p>\n\n\n\n<p class=\"wp-block-paragraph\">Les r\u00e9sultats seront regroup\u00e9s et d\u00e9velopp\u00e9s dans un document de position qui vise \u00e0 donner une impulsion \u00e0 la politique, aux experts et \u00e0 la soci\u00e9t\u00e9. <\/p>\n\n\n\n<p class=\"wp-block-paragraph\">L'initiative est l'\u0153uvre de Luis Casado, 20 ans, qui a fait part de sa demande via la plateforme participative <a href=\"https:\/\/engage.ch\/\" target=\"_blank\" rel=\"noopener\">engage.ch<\/a> et a ainsi lanc\u00e9 le dialogue avec le conseiller national Simon Stadler. De cet \u00e9change est n\u00e9e l'id\u00e9e de donner une voix aux jeunes atteints de TDAH dans l'espace politique.  <\/p>\n\n\n\n<p class=\"wp-block-paragraph\">La conf\u00e9rence vise \u00e0 renforcer la compr\u00e9hension du TDAH dans la soci\u00e9t\u00e9 et \u00e0 contribuer durablement \u00e0 l'am\u00e9lioration du cadre de vie des personnes atteintes de TDAH en Suisse.<\/p>\n\n\n\n<p class=\"wp-block-paragraph\">Int\u00e9ress\u00e9 ? Inscription et informations suppl\u00e9mentaires sur : <a href=\"https:\/\/elpos.ch\/veranstaltungen\/nationale-adhs-konferenz-im-bundeshaus\/\" target=\"_blank\" rel=\"noreferrer noopener\">Conf\u00e9rence nationale sur le TDAH au Palais f\u00e9d\u00e9ral<\/a><br>L'\u00e9v\u00e9nement s'adresse aux adolescents et jeunes adultes atteints de TDAH, le nombre de places est limit\u00e9. <\/p>\n\n\n\n<p class=\"wp-block-paragraph\">Voici le flyer de l'\u00e9v\u00e9nement \u00e0 imprimer et \u00e0 distribuer :<a href=\"https:\/\/elpos.ch\/wp-content\/uploads\/260226_ADHS-im-Bundeshaus_FLYER.pdf\"> Vol ADHS au Palais f\u00e9d\u00e9ral<\/a><\/p>\n\n\n\n<div class=\"wp-block-columns is-layout-flex wp-container-core-columns-is-layout-7387b849 wp-block-columns-is-layout-flex\">\n<div class=\"wp-block-column is-layout-flow wp-block-column-is-layout-flow\" style=\"flex-basis:100%\">\n<p class=\"wp-block-paragraph\">La conf\u00e9rence est organis\u00e9e conjointement par l'organisation TDAH elpos Suisse, <a href=\"https:\/\/adhs20plus.ch\/\" target=\"_blank\" rel=\"noreferrer noopener\">adhs20plus Suisse<\/a>, <a href=\"https:\/\/www.sfg-adhs.ch\/\" target=\"_blank\" rel=\"noopener\">Soci\u00e9t\u00e9 Suisse Sp\u00e9cialis\u00e9e TDAH<\/a> et <a href=\"https:\/\/www.projuventute.ch\/de\/stiftung\/aktuelles\/medienmitteilungen\/adhs-konferenz-bundeshaus\" target=\"_blank\" rel=\"noopener\">Pro Juventute<\/a>.<\/p>\n<\/div>\n<\/div>\n\n\n\n<div class=\"wp-block-columns is-layout-flex wp-container-core-columns-is-layout-7387b849 wp-block-columns-is-layout-flex\">\n<div class=\"wp-block-column is-layout-flow wp-block-column-is-layout-flow\">\n<figure class=\"wp-block-image size-large is-resized\"><a href=\"https:\/\/www.sfg-adhs.ch\/\" target=\"_blank\" rel=\"noreferrer noopener\"><img fetchpriority=\"high\" decoding=\"async\" width=\"1024\" height=\"202\" src=\"https:\/\/elpos.ch\/wp-content\/uploads\/SFG-ADHS-Logo-1-1024x202.webp\" alt=\"\" class=\"wp-image-14643\" style=\"width:242px;height:auto\" srcset=\"https:\/\/elpos.ch\/wp-content\/uploads\/SFG-ADHS-Logo-1-1024x202.webp 1024w, https:\/\/elpos.ch\/wp-content\/uploads\/SFG-ADHS-Logo-1-300x59.webp 300w, https:\/\/elpos.ch\/wp-content\/uploads\/SFG-ADHS-Logo-1-768x152.webp 768w, https:\/\/elpos.ch\/wp-content\/uploads\/SFG-ADHS-Logo-1.webp 1381w\" sizes=\"(max-width: 1024px) 100vw, 1024px\" \/><\/a><\/figure>\n<\/div>\n\n\n\n<div class=\"wp-block-column is-layout-flow wp-block-column-is-layout-flow\">\n<figure class=\"wp-block-image aligncenter size-full is-resized\"><a href=\"https:\/\/www.projuventute.ch\/\" target=\"_blank\" rel=\"noreferrer noopener\"><img decoding=\"async\" width=\"353\" height=\"353\" src=\"https:\/\/elpos.ch\/wp-content\/uploads\/Pro-Juventute-Logo.webp\" alt=\"\" class=\"wp-image-14641\" style=\"width:65px;height:auto\" srcset=\"https:\/\/elpos.ch\/wp-content\/uploads\/Pro-Juventute-Logo.webp 353w, https:\/\/elpos.ch\/wp-content\/uploads\/Pro-Juventute-Logo-300x300.webp 300w, https:\/\/elpos.ch\/wp-content\/uploads\/Pro-Juventute-Logo-150x150.webp 150w\" sizes=\"(max-width: 353px) 100vw, 353px\" \/><\/a><\/figure>\n<\/div>\n\n\n\n<div class=\"wp-block-column is-layout-flow wp-block-column-is-layout-flow\">\n<figure class=\"wp-block-image size-full is-resized\"><a href=\"https:\/\/adhs20plus.ch\/\" target=\"_blank\" rel=\"noreferrer noopener\"><img decoding=\"async\" width=\"411\" height=\"410\" src=\"https:\/\/elpos.ch\/wp-content\/uploads\/ADHS-20-Logo-1-3.webp\" alt=\"\" class=\"wp-image-14642\" style=\"width:76px;height:auto\" srcset=\"https:\/\/elpos.ch\/wp-content\/uploads\/ADHS-20-Logo-1-3.webp 411w, https:\/\/elpos.ch\/wp-content\/uploads\/ADHS-20-Logo-1-3-300x300.webp 300w, https:\/\/elpos.ch\/wp-content\/uploads\/ADHS-20-Logo-1-3-150x150.webp 150w\" sizes=\"(max-width: 411px) 100vw, 411px\" \/><\/a><\/figure>\n<\/div>\n<\/div>","protected":false},"excerpt":{"rendered":"<p>Am 29. April 2026 findet im Bundeshaus in Bern eine nationale Konferenz zum Thema ADHS statt. Im Zentrum stehen die Erfahrungen und Anliegen von Jugendlichen und jungen Erwachsenen mit ADHS. Jugendliche und junge Erwachsene bringen ihre Themen rund um Schule, Berufsbildung und Studium selbst ein, setzen selbst Schwerpunkte und tauschen sich aus. Rund 60 Jugendliche [&hellip;]<\/p>\n","protected":false},"author":4,"featured_media":15108,"comment_status":"open","ping_status":"open","sticky":false,"template":"","format":"standard","meta":{"footnotes":""},"categories":[47],"tags":[],"class_list":["post-14625","post","type-post","status-publish","format-standard","has-post-thumbnail","hentry","category-neuigkeiten"],"publishpress_future_action":{"enabled":false,"date":"2026-09-08 12:11:59","action":"change-status","newStatus":"draft","terms":[],"taxonomy":"category","extraData":[]},"publishpress_future_workflow_manual_trigger":{"enabledWorkflows":[]},"_links":{"self":[{"href":"https:\/\/elpos.ch\/fr\/wp-json\/wp\/v2\/posts\/14625","targetHints":{"allow":["GET"]}}],"collection":[{"href":"https:\/\/elpos.ch\/fr\/wp-json\/wp\/v2\/posts"}],"about":[{"href":"https:\/\/elpos.ch\/fr\/wp-json\/wp\/v2\/types\/post"}],"author":[{"embeddable":true,"href":"https:\/\/elpos.ch\/fr\/wp-json\/wp\/v2\/users\/4"}],"replies":[{"embeddable":true,"href":"https:\/\/elpos.ch\/fr\/wp-json\/wp\/v2\/comments?post=14625"}],"version-history":[{"count":0,"href":"https:\/\/elpos.ch\/fr\/wp-json\/wp\/v2\/posts\/14625\/revisions"}],"wp:featuredmedia":[{"embeddable":true,"href":"https:\/\/elpos.ch\/fr\/wp-json\/wp\/v2\/media\/15108"}],"wp:attachment":[{"href":"https:\/\/elpos.ch\/fr\/wp-json\/wp\/v2\/media?parent=14625"}],"wp:term":[{"taxonomy":"category","embeddable":true,"href":"https:\/\/elpos.ch\/fr\/wp-json\/wp\/v2\/categories?post=14625"},{"taxonomy":"post_tag","embeddable":true,"href":"https:\/\/elpos.ch\/fr\/wp-json\/wp\/v2\/tags?post=14625"}],"curies":[{"name":"wp","href":"https:\/\/api.w.org\/{rel}","templated":true}]}}