{"id":13273,"date":"2025-07-17T14:04:44","date_gmt":"2025-07-17T12:04:44","guid":{"rendered":"https:\/\/elpos.ch\/?p=13273"},"modified":"2025-07-17T14:33:10","modified_gmt":"2025-07-17T12:33:10","slug":"chat-en-direct-de-la-srf-sur-le-tdah","status":"publish","type":"post","link":"https:\/\/elpos.ch\/fr\/srf-live-chat-zu-adhs\/","title":{"rendered":"SRF-Live-Chat sur le TDAH"},"content":{"rendered":"<p class=\"wp-block-paragraph\">Au cours de la Journ\u00e9e Mondiale du TDAH, notre responsable de service, Anita Jung Strub, a r\u00e9pondu aux questions de la communaut\u00e9 SRF. <\/p>\n\n\n\n<p class=\"wp-block-paragraph\">Lisez l'int\u00e9gralit\u00e9 de ce fil de discussion et toutes les r\u00e9ponses \u00e9clairantes ici :<\/p>\n\n\n\n<p class=\"wp-block-paragraph\"><a href=\"https:\/\/www.srf.ch\/news\/srf-news-chats\/ihre-fragen-zu-adhs-koennen-sich-adhs-symptome-im-verlauf-des-lebens-aendern\" target=\"_blank\" rel=\"noopener\">TDAH : Les sympt\u00f4mes du TDAH peuvent-ils changer au cours de la vie ? \u2013 Actualit\u00e9s \u2013 SRF<\/a><\/p>","protected":false},"excerpt":{"rendered":"<p>\u00c0 l'occasion de la Journ\u00e9e mondiale du TDAH, notre responsable de service Anita Jung Strub a r\u00e9pondu aux questions de la communaut\u00e9 de la SRF. Lisez ici l'article complet et toutes les r\u00e9ponses instructives : TDAH : Les sympt\u00f4mes du TDAH peuvent-ils changer au cours de la vie ? \u2013 News \u2013 SRF<\/p>","protected":false},"author":4,"featured_media":13274,"comment_status":"open","ping_status":"open","sticky":false,"template":"","format":"standard","meta":{"footnotes":""},"categories":[55],"tags":[],"class_list":["post-13273","post","type-post","status-publish","format-standard","has-post-thumbnail","hentry","category-medien"],"publishpress_future_action":{"enabled":false,"date":"2026-09-08 12:09:49","action":"change-status","newStatus":"draft","terms":[],"taxonomy":"category","extraData":[]},"publishpress_future_workflow_manual_trigger":{"enabledWorkflows":[]},"_links":{"self":[{"href":"https:\/\/elpos.ch\/fr\/wp-json\/wp\/v2\/posts\/13273","targetHints":{"allow":["GET"]}}],"collection":[{"href":"https:\/\/elpos.ch\/fr\/wp-json\/wp\/v2\/posts"}],"about":[{"href":"https:\/\/elpos.ch\/fr\/wp-json\/wp\/v2\/types\/post"}],"author":[{"embeddable":true,"href":"https:\/\/elpos.ch\/fr\/wp-json\/wp\/v2\/users\/4"}],"replies":[{"embeddable":true,"href":"https:\/\/elpos.ch\/fr\/wp-json\/wp\/v2\/comments?post=13273"}],"version-history":[{"count":0,"href":"https:\/\/elpos.ch\/fr\/wp-json\/wp\/v2\/posts\/13273\/revisions"}],"wp:featuredmedia":[{"embeddable":true,"href":"https:\/\/elpos.ch\/fr\/wp-json\/wp\/v2\/media\/13274"}],"wp:attachment":[{"href":"https:\/\/elpos.ch\/fr\/wp-json\/wp\/v2\/media?parent=13273"}],"wp:term":[{"taxonomy":"category","embeddable":true,"href":"https:\/\/elpos.ch\/fr\/wp-json\/wp\/v2\/categories?post=13273"},{"taxonomy":"post_tag","embeddable":true,"href":"https:\/\/elpos.ch\/fr\/wp-json\/wp\/v2\/tags?post=13273"}],"curies":[{"name":"wp","href":"https:\/\/api.w.org\/{rel}","templated":true}]}}